{"id":24072,"date":"2021-12-13T16:32:30","date_gmt":"2021-12-13T22:32:30","guid":{"rendered":"https:\/\/synod.cathdal.org\/decree-opening-synod-process-12-12-2021\/"},"modified":"2021-12-15T16:25:39","modified_gmt":"2021-12-15T22:25:39","slug":"decree-opening-synod-process-12-12-2021","status":"publish","type":"post","link":"https:\/\/synod.cathdal.org\/es\/decree-opening-synod-process-12-12-2021\/","title":{"rendered":"Decreto de Apertura del Proceso Sinodal &#8211; 12\/12\/2021"},"content":{"rendered":"<h2>DECRETO DE APERTURA DEL PROCESO SINODAL<\/h2>\n<p>El Mi\u00e9rcoles de Ceniza, 17 de febrero de 2021, expres\u00e9 mi intenci\u00f3n de convocar un s\u00ednodo diocesano para la Di\u00f3cesis de Dallas. Como lo mencion\u00e9 entonces: \u00abEste es un momento de grandes oportunidades. No es tiempo de seguir haciendo las cosas como siempre las hemos hecho, sino m\u00e1s bien de realizar nuevas iniciativas y ofrecer un testimonio audaz del amor perdurable de Jes\u00fas. Es un tiempo de renovar nuestra fe en \u00c9l y de aventurarse \u00abmar adentro\u00bb con la confianza que el Se\u00f1or est\u00e1 con nosotros en la barca, golpeada como est\u00e9 por muchos vientos en contra, pero continuando hacia el destino al cual \u00c9l nos llama. Este es un momento para recuperar el esp\u00edritu vivificante original de los tiempos apost\u00f3licos, para vernos a nosotros mismos como uno con aquellos ap\u00f3stoles y disc\u00edpulos originales, con Mar\u00eda, nuestra Madre, y todos los hombres y mujeres santos que siguieron a Jes\u00fas\u00bb.<\/p>\n<p>Reconozco que el canon 461 del C\u00f3digo de Derecho Can\u00f3nico establece que \u00aben cada Iglesia particular debe celebrarse el s\u00ednodo diocesano cuando lo aconsejen las circunstancias a juicio del obispo de la di\u00f3cesis, despu\u00e9s de o\u00edr al consejo presbiteral\u00bb. Tambi\u00e9n reconozco que la <em>Instrucci\u00f3n sobre los S\u00ednodos Diocesanos<\/em> promulgada por la Congregaci\u00f3n para los Obispos y la Congregaci\u00f3n para la Evangelizaci\u00f3n de los Pueblos pide que una fase preparatoria preceda a una reuni\u00f3n sinodal diocesana.<\/p>\n<p>Por lo tanto, en el nombre de Nuestro Se\u00f1or Jesucristo y por la intercesi\u00f3n de nuestra patrona, Nuestra Se\u00f1ora de Guadalupe, despu\u00e9s de haber o\u00eddo al consejo presbiteral y a los fieles de la Di\u00f3cesis, y reconociendo la necesidad de renovar y abrazar la misi\u00f3n apost\u00f3lica en la Di\u00f3cesis de Dallas, por medio de la presente doy inicio al proceso del tercer s\u00ednodo de la Di\u00f3cesis de Dallas, con la fase preparatoria comenzando hoy, 12 de diciembre de 2021, la Fiesta de Nuestra Se\u00f1ora de Guadalupe.<\/p>\n<p>Dado este d\u00eda, el Tercer Domingo de Adviento, en la Parroquia St. Ann, Coppell, en la Di\u00f3cesis de Dallas.<\/p>\n<p>&nbsp;<\/p>\n<p><em>Excelent\u00edsimo Edward J. Burns<\/em><br \/>\n<strong>Obispo de Dallas<\/strong><\/p>\n<p><em>Gregory Caridi<\/em><br \/>\n<strong>Canciller<\/strong><\/p>\n","protected":false},"excerpt":{"rendered":"<p>DECRETO DE APERTURA DEL PROCESO SINODAL El Mi\u00e9rcoles de Ceniza, 17 de febrero de 2021, expres\u00e9 mi intenci\u00f3n de convocar&#8230;<\/p>\n","protected":false},"author":1,"featured_media":24041,"comment_status":"open","ping_status":"open","sticky":false,"template":"","format":"standard","meta":{"inline_featured_image":false,"footnotes":""},"categories":[119],"tags":[],"class_list":{"0":"post-24072","1":"post","2":"type-post","3":"status-publish","4":"format-standard","5":"has-post-thumbnail","7":"category-noticias-del-sinodo"},"yoast_head":"<!-- This site is optimized with the Yoast SEO plugin v27.3 - https:\/\/yoast.com\/product\/yoast-seo-wordpress\/ -->\n<title>Decreto de Apertura del Proceso Sinodal - 12\/12\/2021 - Diocese of Dallas Synod<\/title>\n<meta name=\"description\" content=\"Con este decreto abre el proceso.\" \/>\n<meta name=\"robots\" content=\"index, follow, max-snippet:-1, max-image-preview:large, max-video-preview:-1\" \/>\n<link rel=\"canonical\" href=\"https:\/\/synod.cathdal.org\/es\/decree-opening-synod-process-12-12-2021\/\" \/>\n<meta property=\"og:locale\" content=\"es_ES\" \/>\n<meta property=\"og:type\" content=\"article\" \/>\n<meta property=\"og:title\" content=\"Decreto de Apertura del Proceso Sinodal - 12\/12\/2021 - Diocese of Dallas Synod\" \/>\n<meta property=\"og:description\" content=\"Con este decreto abre el proceso.\" \/>\n<meta property=\"og:url\" content=\"https:\/\/synod.cathdal.org\/es\/decree-opening-synod-process-12-12-2021\/\" \/>\n<meta property=\"og:site_name\" content=\"Diocese of Dallas Synod\" \/>\n<meta property=\"article:published_time\" content=\"2021-12-13T22:32:30+00:00\" \/>\n<meta property=\"article:modified_time\" content=\"2021-12-15T22:25:39+00:00\" \/>\n<meta property=\"og:image\" content=\"https:\/\/synod.cathdal.org\/wp-content\/uploads\/2021\/12\/20211213-decreesigning-1200x630-1.jpg\" \/>\n\t<meta property=\"og:image:width\" content=\"1200\" \/>\n\t<meta property=\"og:image:height\" content=\"630\" \/>\n\t<meta property=\"og:image:type\" content=\"image\/jpeg\" \/>\n<meta name=\"author\" content=\"synodprd\" \/>\n<meta name=\"twitter:card\" content=\"summary_large_image\" \/>\n<meta name=\"twitter:label1\" content=\"Escrito por\" \/>\n\t<meta name=\"twitter:data1\" content=\"synodprd\" \/>\n\t<meta name=\"twitter:label2\" content=\"Tiempo de lectura\" \/>\n\t<meta name=\"twitter:data2\" content=\"2 minutos\" \/>\n<script type=\"application\/ld+json\" class=\"yoast-schema-graph\">{\"@context\":\"https:\\\/\\\/schema.org\",\"@graph\":[{\"@type\":\"Article\",\"@id\":\"https:\\\/\\\/synod.cathdal.org\\\/es\\\/decree-opening-synod-process-12-12-2021\\\/#article\",\"isPartOf\":{\"@id\":\"https:\\\/\\\/synod.cathdal.org\\\/es\\\/decree-opening-synod-process-12-12-2021\\\/\"},\"author\":{\"name\":\"synodprd\",\"@id\":\"https:\\\/\\\/synod.cathdal.org\\\/es\\\/#\\\/schema\\\/person\\\/fb07ef7f163b681ed1a7362758661e6a\"},\"headline\":\"Decreto de Apertura del Proceso Sinodal &#8211; 12\\\/12\\\/2021\",\"datePublished\":\"2021-12-13T22:32:30+00:00\",\"dateModified\":\"2021-12-15T22:25:39+00:00\",\"mainEntityOfPage\":{\"@id\":\"https:\\\/\\\/synod.cathdal.org\\\/es\\\/decree-opening-synod-process-12-12-2021\\\/\"},\"wordCount\":389,\"commentCount\":0,\"publisher\":{\"@id\":\"https:\\\/\\\/synod.cathdal.org\\\/es\\\/#organization\"},\"image\":{\"@id\":\"https:\\\/\\\/synod.cathdal.org\\\/es\\\/decree-opening-synod-process-12-12-2021\\\/#primaryimage\"},\"thumbnailUrl\":\"https:\\\/\\\/synod.cathdal.org\\\/wp-content\\\/uploads\\\/2021\\\/12\\\/20211213-decreesigning-1200x630-1.jpg\",\"articleSection\":[\"Noticias del S\u00ednodo\"],\"inLanguage\":\"es\",\"potentialAction\":[{\"@type\":\"CommentAction\",\"name\":\"Comment\",\"target\":[\"https:\\\/\\\/synod.cathdal.org\\\/es\\\/decree-opening-synod-process-12-12-2021\\\/#respond\"]}]},{\"@type\":\"WebPage\",\"@id\":\"https:\\\/\\\/synod.cathdal.org\\\/es\\\/decree-opening-synod-process-12-12-2021\\\/\",\"url\":\"https:\\\/\\\/synod.cathdal.org\\\/es\\\/decree-opening-synod-process-12-12-2021\\\/\",\"name\":\"Decreto de Apertura del Proceso Sinodal - 12\\\/12\\\/2021 - Diocese of Dallas Synod\",\"isPartOf\":{\"@id\":\"https:\\\/\\\/synod.cathdal.org\\\/es\\\/#website\"},\"primaryImageOfPage\":{\"@id\":\"https:\\\/\\\/synod.cathdal.org\\\/es\\\/decree-opening-synod-process-12-12-2021\\\/#primaryimage\"},\"image\":{\"@id\":\"https:\\\/\\\/synod.cathdal.org\\\/es\\\/decree-opening-synod-process-12-12-2021\\\/#primaryimage\"},\"thumbnailUrl\":\"https:\\\/\\\/synod.cathdal.org\\\/wp-content\\\/uploads\\\/2021\\\/12\\\/20211213-decreesigning-1200x630-1.jpg\",\"datePublished\":\"2021-12-13T22:32:30+00:00\",\"dateModified\":\"2021-12-15T22:25:39+00:00\",\"description\":\"Con este decreto abre el proceso.\",\"breadcrumb\":{\"@id\":\"https:\\\/\\\/synod.cathdal.org\\\/es\\\/decree-opening-synod-process-12-12-2021\\\/#breadcrumb\"},\"inLanguage\":\"es\",\"potentialAction\":[{\"@type\":\"ReadAction\",\"target\":[\"https:\\\/\\\/synod.cathdal.org\\\/es\\\/decree-opening-synod-process-12-12-2021\\\/\"]}]},{\"@type\":\"ImageObject\",\"inLanguage\":\"es\",\"@id\":\"https:\\\/\\\/synod.cathdal.org\\\/es\\\/decree-opening-synod-process-12-12-2021\\\/#primaryimage\",\"url\":\"https:\\\/\\\/synod.cathdal.org\\\/wp-content\\\/uploads\\\/2021\\\/12\\\/20211213-decreesigning-1200x630-1.jpg\",\"contentUrl\":\"https:\\\/\\\/synod.cathdal.org\\\/wp-content\\\/uploads\\\/2021\\\/12\\\/20211213-decreesigning-1200x630-1.jpg\",\"width\":1200,\"height\":630},{\"@type\":\"BreadcrumbList\",\"@id\":\"https:\\\/\\\/synod.cathdal.org\\\/es\\\/decree-opening-synod-process-12-12-2021\\\/#breadcrumb\",\"itemListElement\":[{\"@type\":\"ListItem\",\"position\":1,\"name\":\"Home\",\"item\":\"https:\\\/\\\/synod.cathdal.org\\\/es\\\/\"},{\"@type\":\"ListItem\",\"position\":2,\"name\":\"Decreto de Apertura del Proceso Sinodal &#8211; 12\\\/12\\\/2021\"}]},{\"@type\":\"WebSite\",\"@id\":\"https:\\\/\\\/synod.cathdal.org\\\/es\\\/#website\",\"url\":\"https:\\\/\\\/synod.cathdal.org\\\/es\\\/\",\"name\":\"Diocese of Dallas Synod\",\"description\":\"Shaping Tomorrow\u2019s Church with Today\u2019s Voices\",\"publisher\":{\"@id\":\"https:\\\/\\\/synod.cathdal.org\\\/es\\\/#organization\"},\"potentialAction\":[{\"@type\":\"SearchAction\",\"target\":{\"@type\":\"EntryPoint\",\"urlTemplate\":\"https:\\\/\\\/synod.cathdal.org\\\/es\\\/?s={search_term_string}\"},\"query-input\":{\"@type\":\"PropertyValueSpecification\",\"valueRequired\":true,\"valueName\":\"search_term_string\"}}],\"inLanguage\":\"es\"},{\"@type\":\"Organization\",\"@id\":\"https:\\\/\\\/synod.cathdal.org\\\/es\\\/#organization\",\"name\":\"Catholic Diocese of Dallas\",\"url\":\"https:\\\/\\\/synod.cathdal.org\\\/es\\\/\",\"logo\":{\"@type\":\"ImageObject\",\"inLanguage\":\"es\",\"@id\":\"https:\\\/\\\/synod.cathdal.org\\\/es\\\/#\\\/schema\\\/logo\\\/image\\\/\",\"url\":\"https:\\\/\\\/synod.cathdal.org\\\/wp-content\\\/uploads\\\/2021\\\/11\\\/DAL-CA-2021-11-18-Horizontal-Logo.svg\",\"contentUrl\":\"https:\\\/\\\/synod.cathdal.org\\\/wp-content\\\/uploads\\\/2021\\\/11\\\/DAL-CA-2021-11-18-Horizontal-Logo.svg\",\"width\":1024,\"height\":1024,\"caption\":\"Catholic Diocese of Dallas\"},\"image\":{\"@id\":\"https:\\\/\\\/synod.cathdal.org\\\/es\\\/#\\\/schema\\\/logo\\\/image\\\/\"}},{\"@type\":\"Person\",\"@id\":\"https:\\\/\\\/synod.cathdal.org\\\/es\\\/#\\\/schema\\\/person\\\/fb07ef7f163b681ed1a7362758661e6a\",\"name\":\"synodprd\",\"image\":{\"@type\":\"ImageObject\",\"inLanguage\":\"es\",\"@id\":\"https:\\\/\\\/secure.gravatar.com\\\/avatar\\\/42e751f2f50c718abebdfaa2fb1fd022cc07608f8c35d71c6d431fd262cc841f?s=96&d=mm&r=g\",\"url\":\"https:\\\/\\\/secure.gravatar.com\\\/avatar\\\/42e751f2f50c718abebdfaa2fb1fd022cc07608f8c35d71c6d431fd262cc841f?s=96&d=mm&r=g\",\"contentUrl\":\"https:\\\/\\\/secure.gravatar.com\\\/avatar\\\/42e751f2f50c718abebdfaa2fb1fd022cc07608f8c35d71c6d431fd262cc841f?s=96&d=mm&r=g\",\"caption\":\"synodprd\"},\"sameAs\":[\"https:\\\/\\\/synodprd.wpengine.com\"],\"url\":\"https:\\\/\\\/synod.cathdal.org\\\/es\\\/author\\\/synodprd\\\/\"}]}<\/script>\n<!-- \/ Yoast SEO plugin. -->","yoast_head_json":{"title":"Decreto de Apertura del Proceso Sinodal - 12\/12\/2021 - Diocese of Dallas Synod","description":"Con este decreto abre el proceso.","robots":{"index":"index","follow":"follow","max-snippet":"max-snippet:-1","max-image-preview":"max-image-preview:large","max-video-preview":"max-video-preview:-1"},"canonical":"https:\/\/synod.cathdal.org\/es\/decree-opening-synod-process-12-12-2021\/","og_locale":"es_ES","og_type":"article","og_title":"Decreto de Apertura del Proceso Sinodal - 12\/12\/2021 - Diocese of Dallas Synod","og_description":"Con este decreto abre el proceso.","og_url":"https:\/\/synod.cathdal.org\/es\/decree-opening-synod-process-12-12-2021\/","og_site_name":"Diocese of Dallas Synod","article_published_time":"2021-12-13T22:32:30+00:00","article_modified_time":"2021-12-15T22:25:39+00:00","og_image":[{"width":1200,"height":630,"url":"https:\/\/synod.cathdal.org\/wp-content\/uploads\/2021\/12\/20211213-decreesigning-1200x630-1.jpg","type":"image\/jpeg"}],"author":"synodprd","twitter_card":"summary_large_image","twitter_misc":{"Escrito por":"synodprd","Tiempo de lectura":"2 minutos"},"schema":{"@context":"https:\/\/schema.org","@graph":[{"@type":"Article","@id":"https:\/\/synod.cathdal.org\/es\/decree-opening-synod-process-12-12-2021\/#article","isPartOf":{"@id":"https:\/\/synod.cathdal.org\/es\/decree-opening-synod-process-12-12-2021\/"},"author":{"name":"synodprd","@id":"https:\/\/synod.cathdal.org\/es\/#\/schema\/person\/fb07ef7f163b681ed1a7362758661e6a"},"headline":"Decreto de Apertura del Proceso Sinodal &#8211; 12\/12\/2021","datePublished":"2021-12-13T22:32:30+00:00","dateModified":"2021-12-15T22:25:39+00:00","mainEntityOfPage":{"@id":"https:\/\/synod.cathdal.org\/es\/decree-opening-synod-process-12-12-2021\/"},"wordCount":389,"commentCount":0,"publisher":{"@id":"https:\/\/synod.cathdal.org\/es\/#organization"},"image":{"@id":"https:\/\/synod.cathdal.org\/es\/decree-opening-synod-process-12-12-2021\/#primaryimage"},"thumbnailUrl":"https:\/\/synod.cathdal.org\/wp-content\/uploads\/2021\/12\/20211213-decreesigning-1200x630-1.jpg","articleSection":["Noticias del S\u00ednodo"],"inLanguage":"es","potentialAction":[{"@type":"CommentAction","name":"Comment","target":["https:\/\/synod.cathdal.org\/es\/decree-opening-synod-process-12-12-2021\/#respond"]}]},{"@type":"WebPage","@id":"https:\/\/synod.cathdal.org\/es\/decree-opening-synod-process-12-12-2021\/","url":"https:\/\/synod.cathdal.org\/es\/decree-opening-synod-process-12-12-2021\/","name":"Decreto de Apertura del Proceso Sinodal - 12\/12\/2021 - Diocese of Dallas Synod","isPartOf":{"@id":"https:\/\/synod.cathdal.org\/es\/#website"},"primaryImageOfPage":{"@id":"https:\/\/synod.cathdal.org\/es\/decree-opening-synod-process-12-12-2021\/#primaryimage"},"image":{"@id":"https:\/\/synod.cathdal.org\/es\/decree-opening-synod-process-12-12-2021\/#primaryimage"},"thumbnailUrl":"https:\/\/synod.cathdal.org\/wp-content\/uploads\/2021\/12\/20211213-decreesigning-1200x630-1.jpg","datePublished":"2021-12-13T22:32:30+00:00","dateModified":"2021-12-15T22:25:39+00:00","description":"Con este decreto abre el proceso.","breadcrumb":{"@id":"https:\/\/synod.cathdal.org\/es\/decree-opening-synod-process-12-12-2021\/#breadcrumb"},"inLanguage":"es","potentialAction":[{"@type":"ReadAction","target":["https:\/\/synod.cathdal.org\/es\/decree-opening-synod-process-12-12-2021\/"]}]},{"@type":"ImageObject","inLanguage":"es","@id":"https:\/\/synod.cathdal.org\/es\/decree-opening-synod-process-12-12-2021\/#primaryimage","url":"https:\/\/synod.cathdal.org\/wp-content\/uploads\/2021\/12\/20211213-decreesigning-1200x630-1.jpg","contentUrl":"https:\/\/synod.cathdal.org\/wp-content\/uploads\/2021\/12\/20211213-decreesigning-1200x630-1.jpg","width":1200,"height":630},{"@type":"BreadcrumbList","@id":"https:\/\/synod.cathdal.org\/es\/decree-opening-synod-process-12-12-2021\/#breadcrumb","itemListElement":[{"@type":"ListItem","position":1,"name":"Home","item":"https:\/\/synod.cathdal.org\/es\/"},{"@type":"ListItem","position":2,"name":"Decreto de Apertura del Proceso Sinodal &#8211; 12\/12\/2021"}]},{"@type":"WebSite","@id":"https:\/\/synod.cathdal.org\/es\/#website","url":"https:\/\/synod.cathdal.org\/es\/","name":"Diocese of Dallas Synod","description":"Shaping Tomorrow\u2019s Church with Today\u2019s Voices","publisher":{"@id":"https:\/\/synod.cathdal.org\/es\/#organization"},"potentialAction":[{"@type":"SearchAction","target":{"@type":"EntryPoint","urlTemplate":"https:\/\/synod.cathdal.org\/es\/?s={search_term_string}"},"query-input":{"@type":"PropertyValueSpecification","valueRequired":true,"valueName":"search_term_string"}}],"inLanguage":"es"},{"@type":"Organization","@id":"https:\/\/synod.cathdal.org\/es\/#organization","name":"Catholic Diocese of Dallas","url":"https:\/\/synod.cathdal.org\/es\/","logo":{"@type":"ImageObject","inLanguage":"es","@id":"https:\/\/synod.cathdal.org\/es\/#\/schema\/logo\/image\/","url":"https:\/\/synod.cathdal.org\/wp-content\/uploads\/2021\/11\/DAL-CA-2021-11-18-Horizontal-Logo.svg","contentUrl":"https:\/\/synod.cathdal.org\/wp-content\/uploads\/2021\/11\/DAL-CA-2021-11-18-Horizontal-Logo.svg","width":1024,"height":1024,"caption":"Catholic Diocese of Dallas"},"image":{"@id":"https:\/\/synod.cathdal.org\/es\/#\/schema\/logo\/image\/"}},{"@type":"Person","@id":"https:\/\/synod.cathdal.org\/es\/#\/schema\/person\/fb07ef7f163b681ed1a7362758661e6a","name":"synodprd","image":{"@type":"ImageObject","inLanguage":"es","@id":"https:\/\/secure.gravatar.com\/avatar\/42e751f2f50c718abebdfaa2fb1fd022cc07608f8c35d71c6d431fd262cc841f?s=96&d=mm&r=g","url":"https:\/\/secure.gravatar.com\/avatar\/42e751f2f50c718abebdfaa2fb1fd022cc07608f8c35d71c6d431fd262cc841f?s=96&d=mm&r=g","contentUrl":"https:\/\/secure.gravatar.com\/avatar\/42e751f2f50c718abebdfaa2fb1fd022cc07608f8c35d71c6d431fd262cc841f?s=96&d=mm&r=g","caption":"synodprd"},"sameAs":["https:\/\/synodprd.wpengine.com"],"url":"https:\/\/synod.cathdal.org\/es\/author\/synodprd\/"}]}},"featured_image_src":"https:\/\/synod.cathdal.org\/wp-content\/uploads\/2021\/12\/20211213-decreesigning-1200x630-1-600x400.jpg","featured_image_src_square":"https:\/\/synod.cathdal.org\/wp-content\/uploads\/2021\/12\/20211213-decreesigning-1200x630-1-600x600.jpg","author_info":{"display_name":"synodprd","author_link":"https:\/\/synod.cathdal.org\/es\/author\/synodprd\/"},"menu_order":0,"_links":{"self":[{"href":"https:\/\/synod.cathdal.org\/es\/wp-json\/wp\/v2\/posts\/24072","targetHints":{"allow":["GET"]}}],"collection":[{"href":"https:\/\/synod.cathdal.org\/es\/wp-json\/wp\/v2\/posts"}],"about":[{"href":"https:\/\/synod.cathdal.org\/es\/wp-json\/wp\/v2\/types\/post"}],"author":[{"embeddable":true,"href":"https:\/\/synod.cathdal.org\/es\/wp-json\/wp\/v2\/users\/1"}],"replies":[{"embeddable":true,"href":"https:\/\/synod.cathdal.org\/es\/wp-json\/wp\/v2\/comments?post=24072"}],"version-history":[{"count":0,"href":"https:\/\/synod.cathdal.org\/es\/wp-json\/wp\/v2\/posts\/24072\/revisions"}],"wp:featuredmedia":[{"embeddable":true,"href":"https:\/\/synod.cathdal.org\/es\/wp-json\/wp\/v2\/media\/24041"}],"wp:attachment":[{"href":"https:\/\/synod.cathdal.org\/es\/wp-json\/wp\/v2\/media?parent=24072"}],"wp:term":[{"taxonomy":"category","embeddable":true,"href":"https:\/\/synod.cathdal.org\/es\/wp-json\/wp\/v2\/categories?post=24072"},{"taxonomy":"post_tag","embeddable":true,"href":"https:\/\/synod.cathdal.org\/es\/wp-json\/wp\/v2\/tags?post=24072"}],"curies":[{"name":"wp","href":"https:\/\/api.w.org\/{rel}","templated":true}]}}