{"id":24080,"date":"2021-10-14T14:00:47","date_gmt":"2021-10-14T20:00:47","guid":{"rendered":"https:\/\/synod.cathdal.org\/el-sinodo-en-sinodalidad-y-el-sinodo-diocesano-de-dallas-cual-es-la-diferencia\/"},"modified":"2021-12-15T16:54:28","modified_gmt":"2021-12-15T22:54:28","slug":"el-sinodo-en-sinodalidad-y-el-sinodo-diocesano-de-dallas-cual-es-la-diferencia","status":"publish","type":"post","link":"https:\/\/synod.cathdal.org\/es\/el-sinodo-en-sinodalidad-y-el-sinodo-diocesano-de-dallas-cual-es-la-diferencia\/","title":{"rendered":"El S\u00ednodo en Sinodalidad y el S\u00ednodo Diocesano de Dallas: \u00bfCu\u00e1l es la Diferencia?"},"content":{"rendered":"<p><a href=\"https:\/\/synod.cathdal.org\/wp-content\/uploads\/2021\/12\/Synod-Timeline.pdf\" target=\"_blank\" rel=\"noopener\"><img class=\"alignright size-full wp-image-24066\" src=\"https:\/\/synod.cathdal.org\/wp-content\/uploads\/2021\/12\/Synod-Timeline.jpg\" alt=\"Cronograma del S\u00ednodo\" width=\"2200\" height=\"1700\" srcset=\"https:\/\/synod.cathdal.org\/wp-content\/uploads\/2021\/12\/Synod-Timeline.jpg 2200w, https:\/\/synod.cathdal.org\/wp-content\/uploads\/2021\/12\/Synod-Timeline-300x232.jpg 300w, https:\/\/synod.cathdal.org\/wp-content\/uploads\/2021\/12\/Synod-Timeline-1024x791.jpg 1024w, https:\/\/synod.cathdal.org\/wp-content\/uploads\/2021\/12\/Synod-Timeline-768x593.jpg 768w, https:\/\/synod.cathdal.org\/wp-content\/uploads\/2021\/12\/Synod-Timeline-1536x1187.jpg 1536w, https:\/\/synod.cathdal.org\/wp-content\/uploads\/2021\/12\/Synod-Timeline-2048x1583.jpg 2048w\" sizes=\"(max-width: 2200px) 100vw, 2200px\" \/><\/a><\/p>\n<p>&nbsp;<\/p>\n<p><strong>Por Gregory Caridi<\/strong><br \/>\nTexas Catholic<\/p>\n<p>El Obispo Edward J. Burns recientemente emprendi\u00f3 un proceso sinodal diocesano de varios a\u00f1os para la Di\u00f3cesis de Dallas. Al mismo tiempo, el Papa Francisco ha convocado un s\u00ednodo universal para toda la Iglesia que considerar\u00e1 ideas aportadas por las di\u00f3cesis de todo el mundo. Por lo tanto, es importante contestar esta pregunta: \u00bfcu\u00e1l es la diferencia entre estos dos s\u00ednodos?<\/p>\n<p>Primero, lo mejor es comenzar con la definici\u00f3n general de un s\u00ednodo. Un s\u00ednodo es b\u00e1sicamente una reuni\u00f3n En un sentido m\u00e1s estricto de la palabra, es una reuni\u00f3n de un gran n\u00famero de personas seleccionadas para discutir y tratar cuestiones, conceptos y objetivos. Estas reuniones son solamente consultivas. Es decir, sirven para ayudar al individuo quien convoc\u00f3 el s\u00ednodo (ya sea el Papa o el obispo diocesano) a tomar decisiones importantes. Dicho de otra manera, un s\u00ednodo no es un cuerpo legislativo o parlamentario, y aunque hay una votaci\u00f3n, esta votaci\u00f3n no obliga o vincula al individuo que convoc\u00f3 el s\u00ednodo. Consiguiente al s\u00ednodo, existe un documento que articula y analiza las acciones del cuerpo sinodal.<\/p>\n<p>Ambos s\u00ednodos, tanto el s\u00ednodo convocado por el Papa Francisco en 2020 como el convocado por el Obispo Burns en 2021 son s\u00ednodos en este mismo sentido amplio. Simplemente, tienen diferentes miembros, un alcance diferente y tratan diferentes temas. Es decir, el s\u00ednodo convocado por el Papa Francisco tratar\u00e1 cuestiones que afectan a la Iglesia universal en todo el mundo, mientras que el s\u00ednodo convocado por el Obispo Burns se enfoca en la Iglesia local aqu\u00ed en el \u00e1rea de Dallas y tratar\u00e1 cuestiones que afectan a la Di\u00f3cesis de Dallas en espec\u00edfico.<\/p>\n<p><strong>S\u00ednodo en Sinodalidad<\/strong><br \/>\nEn marzo de 2020, el Santo Padre convoc\u00f3 un S\u00ednodo de Obispos con el tema \u00abPor una Iglesia sinodal: comuni\u00f3n, participaci\u00f3n y misi\u00f3n\u00bb. Los Papas han convocado s\u00ednodos con regularidad, especialmente, desde el Concilio Vaticano II.<\/p>\n<p>Este nuevo s\u00ednodo busca reflexionar sobre la esencia misma de la sinodalidad. La sinodalidad es una palabra que ha tomado muchos significados, pero principalmente, se refiere al proceso de consulta por el cual los fieles colaboran con los obispos y el Papa, quienes dirigen la Iglesia. Una reuni\u00f3n sinodal es una expresi\u00f3n de sinodalidad puesto que es un proceso en el que la cabeza de la iglesia re\u00fane a los fieles, escucha, considera y luego dirige basado en lo que ha aprendido.<\/p>\n<p>Para este proceso, el Santo Padre ha convocado a las di\u00f3cesis en todo el mundo para tratar ciertas preguntas. La \u00abpregunta fundamental\u00bb de este s\u00ednodo universal se expresa de la siguiente manera: \u00abUna Iglesia sinodal \u201ccamina unida\u201d al anunciar el Evangelio. \u00bfC\u00f3mo se realiza hoy ese \u201ccaminar juntos\u201d en nuestra Iglesia local? \u00bfQu\u00e9 pasos nos invita a dar el Esp\u00edritu para crecer en nuestro \u201ccaminar juntos\u201d?\u00bb.<\/p>\n<p>Para contestar esta pregunta fundamental, entre otras, las di\u00f3cesis alrededor del mundo, incluyendo la Di\u00f3cesis de Dallas, convocar\u00e1n las \u00abreuniones de consulta sinodal\u00bb para escuchar a los miembros de la Di\u00f3cesis. Esta parte diocesana del s\u00ednodo comenz\u00f3 con una Misa de apertura celebrada por el Papa Francisco el 10 de octubre de 2021 y luego con Misas celebradas alrededor del mundo el 17 de octubre de 2021. Las respuestas a estas preguntas presentadas a las di\u00f3cesis deber\u00e1n ser entregadas al Vaticano en abril de 2022.<\/p>\n<p>Tras la recopilaci\u00f3n de todas esas respuestas, el Papa convocar\u00e1 la reuni\u00f3n formal del s\u00ednodo en octubre de 2023 en Roma, donde se discutir\u00e1n estas respuestas adem\u00e1s de otras cuestiones. El cuerpo sinodal tambi\u00e9n votar\u00e1 sobre las posibles resoluciones a ser consideradas por el Santo Padre. De esta reuni\u00f3n, el Papa posiblemente escriba una exhortaci\u00f3n apost\u00f3lica que integre todo lo que \u00e9l ha aprendido sobre este proceso.<\/p>\n<p>Aunque este proceso sinodal es completamente distinto al s\u00ednodo diocesano convocado por el Obispo Burns, ya que los cronogramas de los dos s\u00ednodos se traslapan, el Obispo Burns ha decidido integrar las mencionadas \u00abreuniones de consulta sinodal\u00bb en el proceso sinodal diocesano al que nos referiremos ahora.<\/p>\n<p><strong>S\u00ednodo Diocesano<\/strong><br \/>\nEl Obispo Burns anunci\u00f3 un s\u00ednodo diocesano en febrero de 2021 por medio de una carta pastoral titulada \u00abEl Recorrido a Trav\u00e9s de Cuaresma, Semana Santa, Ascensi\u00f3n y Pentecost\u00e9s: S\u00ednodo Diocesano y un Plan Pastoral Post-Pandemia para la Di\u00f3cesis de Dallas\u00bb. Usted puede encontrar esta carta en <a href=\"https:\/\/www.cathdal.org\/synod\" target=\"_blank\" rel=\"noopener noreferrer\">https:\/\/www.cathdal.org\/synod-es<\/a><\/p>\n<p>En ese documento, el Obispo Burns ofreci\u00f3 un resumen del estado de la Di\u00f3cesis de Dallas y expres\u00f3 su visi\u00f3n para el futuro de la Di\u00f3cesis, con un \u00e9nfasis particular en la misi\u00f3n apost\u00f3lica de la Iglesia. \u00c9l describi\u00f3 este momento como una \u00abgran oportunidad\u00bb y \u00abno como el momento de seguir haciendo las cosas como siempre las hemos hecho, sino m\u00e1s bien de realizar nuevas iniciativas y ofrecer un testimonio audaz del amor perdurable de Jes\u00fas\u00bb.<\/p>\n<p>En particular, \u00e9l compara la Di\u00f3cesis con la Iglesia primitiva, donde los fieles quedaron encomendados a \u00abrealizar la misi\u00f3n de Jes\u00fas tras su Resurrecci\u00f3n y Ascensi\u00f3n\u00bb El Obispo agreg\u00f3 que \u00abes el momento de recuperar la fe y la confianza de esa comunidad apost\u00f3lica original: implorar al Se\u00f1or resucitado como lo hicieron ellos, rogarle que vuelva a inflamar nuestros corazones con el fervor del Esp\u00edritu Santo que descendi\u00f3 sobre ellos en el Cen\u00e1culo el d\u00eda de Pentecost\u00e9s, pedirle la fortaleza para llegar a todos los confines de la tierra, con una disposici\u00f3n para hacer y sufrir lo que sea necesario, aunque solo sea para predicar a Cristo crucificado y resucitado como la \u00fanica esperanza para el mundo\u00bb.<\/p>\n<p>Este s\u00ednodo fue convocado espec\u00edficamente para discutir numerosas inquietudes de los fieles con el prop\u00f3sito de lograr la renovaci\u00f3n de la misi\u00f3n apost\u00f3lica. El Obispo ha nombrado a Lacy de la Garza como presidente para dirigir el proceso de preparaci\u00f3n sinodal, la fase de varios a\u00f1os que precede la propia reuni\u00f3n sinodal. Tambi\u00e9n ha nombrado una comisi\u00f3n preparatoria que ayudar\u00e1 a dirigir esta fase preparatoria.<\/p>\n<p>Esta fase dar\u00e1 inicio formalmente el 12 de diciembre de 2021, Fiesta de Nuestra Se\u00f1ora de Guadalupe, patrona de la Di\u00f3cesis de Dallas, con una Misa acompa\u00f1ada de una celebraci\u00f3n. Despu\u00e9s de esto, durante varios meses, la comisi\u00f3n preparatoria conducir\u00e1 \u00absesiones catequ\u00e9ticas\u00bb que servir\u00e1n dos prop\u00f3sitos: uno, ayudar a los fieles de la Di\u00f3cesis a entender mejor el s\u00ednodo en s\u00ed y su papel en este; y dos, para servir como las \u00abreuniones de consulta sinodal\u00bb para abordar las preguntas que el Santo Padre ha presentado para su s\u00ednodo en sinodalidad. Estas sesiones catequ\u00e9ticas probablemente concluir\u00e1n para febrero de 2022.<\/p>\n<p>Al concluir las sesiones catequ\u00e9ticas, la Di\u00f3cesis de Dallas llevar\u00e1 a cabo sesiones de escucha en toda la Di\u00f3cesis en parroquias, escuelas y otras instalaciones. Estas sesiones de escucha no abordar\u00e1n cuestiones doctrinales ni las ense\u00f1anzas de la Iglesia. En cambio, se enfocar\u00e1n en c\u00f3mo vivir y desarrollar adecuadamente la vida de la Iglesia en la Di\u00f3cesis de Dallas. De estas sesiones de escucha, la comisi\u00f3n preparatoria consolidar\u00e1 la retroalimentaci\u00f3n en resoluciones formales que ser\u00e1n sometidas a votaci\u00f3n durante la propia reuni\u00f3n sinodal. Estas sesiones de escucha tendr\u00e1n lugar a lo largo de varios meses, y se anticipa que ser\u00e1n entre diez a quince sesiones en total. Estas sesiones probablemente concluir\u00e1n para diciembre de 2023.<\/p>\n<p>Consiguiente a estas sesiones de escucha, la reuni\u00f3n sinodal en s\u00ed durar\u00e1 varios d\u00edas y se llevar\u00e1 a cabo en el a\u00f1o 2024. En la reuni\u00f3n sinodal, el cuerpo sinodal que incluye al clero, laicos e invitados seleccionados de acuerdo al derecho can\u00f3nico y personalmente por el Obispo discutir\u00e1 las respuestas de los fieles laicos y votar\u00e1 en las resoluciones que fueron recopiladas por la comisi\u00f3n preparatoria del s\u00ednodo.<br \/>\nEl Obispo presidir\u00e1 una gran Misa y una celebraci\u00f3n al concluir la reuni\u00f3n sinodal. Estrictamente hablando, de esta manera concluye formalmente el s\u00ednodo. \u00c9l revisar\u00e1 entonces todas las discusiones del cuerpo sinodal. Como ya se mencion\u00f3, un s\u00ednodo es meramente consultivo. El Obispo no est\u00e1 obligado a implementar ninguna sugerencia elegida por el cuerpo sinodal a trav\u00e9s del voto. En cambio, \u00e9l considerar\u00e1, apoyado en la oraci\u00f3n, las conclusiones y solicitudes para tomar decisiones sobre el futuro de la Di\u00f3cesis. El Obispo tambi\u00e9n emitir\u00e1 un documento reflexionando en las acciones del s\u00ednodo diocesano.<\/p>\n<p>La implementaci\u00f3n de las resoluciones del s\u00ednodo puede tomar varios a\u00f1os en llevarse a cabo en la Di\u00f3cesis, pero se espera que todas las propuestas sean terminadas para el 12 de diciembre de 2031, con la celebraci\u00f3n del 500o aniversario de la aparici\u00f3n de Nuestra Se\u00f1ora de Guadalupe.<\/p>\n<p>Los objetivos del Papa Francisco y del Obispo Burns son igual de ambiciosos, pero son distintos, ambos son proyectos importantes dirigidos a la renovaci\u00f3n y expansi\u00f3n de la Iglesia en el mundo. La Di\u00f3cesis est\u00e1 llamando a todos los fieles a participar activamente en ambos procesos.<\/p>\n<p><strong>Gregory Caridi es el canciller de la Di\u00f3cesis de Dallas.<\/strong><\/p>\n<p>&nbsp;<\/p>\n<p><em>Art\u00edculo publicado originalmente en <a href=\"http:\/\/www.texascatholic.com\/2021\/10\/14\/the-synod-on-synodality-the-dallas-diocesan-synod-whats-the-difference\/\" target=\"_blank\" rel=\"noopener\">texascatholic.com<\/a>. <\/em><\/p>\n","protected":false},"excerpt":{"rendered":"<p>&nbsp; Por Gregory Caridi Texas Catholic El Obispo Edward J. Burns recientemente emprendi\u00f3 un proceso sinodal diocesano de varios a\u00f1os&#8230;<\/p>\n","protected":false},"author":1,"featured_media":24034,"comment_status":"open","ping_status":"open","sticky":false,"template":"","format":"standard","meta":{"inline_featured_image":false,"footnotes":""},"categories":[119],"tags":[],"class_list":{"0":"post-24080","1":"post","2":"type-post","3":"status-publish","4":"format-standard","5":"has-post-thumbnail","7":"category-noticias-del-sinodo"},"yoast_head":"<!-- This site is optimized with the Yoast SEO plugin v27.3 - https:\/\/yoast.com\/product\/yoast-seo-wordpress\/ -->\n<title>El S\u00ednodo en Sinodalidad y el S\u00ednodo Diocesano de Dallas: \u00bfCu\u00e1l es la Diferencia? - Diocese of Dallas Synod<\/title>\n<meta name=\"robots\" content=\"index, follow, max-snippet:-1, max-image-preview:large, max-video-preview:-1\" \/>\n<link rel=\"canonical\" href=\"https:\/\/synod.cathdal.org\/es\/el-sinodo-en-sinodalidad-y-el-sinodo-diocesano-de-dallas-cual-es-la-diferencia\/\" \/>\n<meta property=\"og:locale\" content=\"es_ES\" \/>\n<meta property=\"og:type\" content=\"article\" \/>\n<meta property=\"og:title\" content=\"El S\u00ednodo en Sinodalidad y el S\u00ednodo Diocesano de Dallas: \u00bfCu\u00e1l es la Diferencia? - Diocese of Dallas Synod\" \/>\n<meta property=\"og:description\" content=\"&nbsp; Por Gregory Caridi Texas Catholic El Obispo Edward J. Burns recientemente emprendi\u00f3 un proceso sinodal diocesano de varios a\u00f1os...\" \/>\n<meta property=\"og:url\" content=\"https:\/\/synod.cathdal.org\/es\/el-sinodo-en-sinodalidad-y-el-sinodo-diocesano-de-dallas-cual-es-la-diferencia\/\" \/>\n<meta property=\"og:site_name\" content=\"Diocese of Dallas Synod\" \/>\n<meta property=\"article:published_time\" content=\"2021-10-14T20:00:47+00:00\" \/>\n<meta property=\"article:modified_time\" content=\"2021-12-15T22:54:28+00:00\" \/>\n<meta property=\"og:image\" content=\"https:\/\/synod.cathdal.org\/wp-content\/uploads\/2021\/12\/Synod-Timeline.jpg\" \/>\n\t<meta property=\"og:image:width\" content=\"2200\" \/>\n\t<meta property=\"og:image:height\" content=\"1700\" \/>\n\t<meta property=\"og:image:type\" content=\"image\/jpeg\" \/>\n<meta name=\"author\" content=\"synodprd\" \/>\n<meta name=\"twitter:card\" content=\"summary_large_image\" \/>\n<meta name=\"twitter:label1\" content=\"Escrito por\" \/>\n\t<meta name=\"twitter:data1\" content=\"synodprd\" \/>\n\t<meta name=\"twitter:label2\" content=\"Tiempo de lectura\" \/>\n\t<meta name=\"twitter:data2\" content=\"7 minutos\" \/>\n<script type=\"application\/ld+json\" class=\"yoast-schema-graph\">{\"@context\":\"https:\\\/\\\/schema.org\",\"@graph\":[{\"@type\":\"Article\",\"@id\":\"https:\\\/\\\/synod.cathdal.org\\\/es\\\/el-sinodo-en-sinodalidad-y-el-sinodo-diocesano-de-dallas-cual-es-la-diferencia\\\/#article\",\"isPartOf\":{\"@id\":\"https:\\\/\\\/synod.cathdal.org\\\/es\\\/el-sinodo-en-sinodalidad-y-el-sinodo-diocesano-de-dallas-cual-es-la-diferencia\\\/\"},\"author\":{\"name\":\"synodprd\",\"@id\":\"https:\\\/\\\/synod.cathdal.org\\\/es\\\/#\\\/schema\\\/person\\\/fb07ef7f163b681ed1a7362758661e6a\"},\"headline\":\"El S\u00ednodo en Sinodalidad y el S\u00ednodo Diocesano de Dallas: \u00bfCu\u00e1l es la Diferencia?\",\"datePublished\":\"2021-10-14T20:00:47+00:00\",\"dateModified\":\"2021-12-15T22:54:28+00:00\",\"mainEntityOfPage\":{\"@id\":\"https:\\\/\\\/synod.cathdal.org\\\/es\\\/el-sinodo-en-sinodalidad-y-el-sinodo-diocesano-de-dallas-cual-es-la-diferencia\\\/\"},\"wordCount\":1618,\"commentCount\":0,\"publisher\":{\"@id\":\"https:\\\/\\\/synod.cathdal.org\\\/es\\\/#organization\"},\"image\":{\"@id\":\"https:\\\/\\\/synod.cathdal.org\\\/es\\\/el-sinodo-en-sinodalidad-y-el-sinodo-diocesano-de-dallas-cual-es-la-diferencia\\\/#primaryimage\"},\"thumbnailUrl\":\"https:\\\/\\\/synod.cathdal.org\\\/wp-content\\\/uploads\\\/2021\\\/12\\\/icon-watermark-right.jpg\",\"articleSection\":[\"Noticias del S\u00ednodo\"],\"inLanguage\":\"es\",\"potentialAction\":[{\"@type\":\"CommentAction\",\"name\":\"Comment\",\"target\":[\"https:\\\/\\\/synod.cathdal.org\\\/es\\\/el-sinodo-en-sinodalidad-y-el-sinodo-diocesano-de-dallas-cual-es-la-diferencia\\\/#respond\"]}]},{\"@type\":\"WebPage\",\"@id\":\"https:\\\/\\\/synod.cathdal.org\\\/es\\\/el-sinodo-en-sinodalidad-y-el-sinodo-diocesano-de-dallas-cual-es-la-diferencia\\\/\",\"url\":\"https:\\\/\\\/synod.cathdal.org\\\/es\\\/el-sinodo-en-sinodalidad-y-el-sinodo-diocesano-de-dallas-cual-es-la-diferencia\\\/\",\"name\":\"El S\u00ednodo en Sinodalidad y el S\u00ednodo Diocesano de Dallas: \u00bfCu\u00e1l es la Diferencia? - Diocese of Dallas Synod\",\"isPartOf\":{\"@id\":\"https:\\\/\\\/synod.cathdal.org\\\/es\\\/#website\"},\"primaryImageOfPage\":{\"@id\":\"https:\\\/\\\/synod.cathdal.org\\\/es\\\/el-sinodo-en-sinodalidad-y-el-sinodo-diocesano-de-dallas-cual-es-la-diferencia\\\/#primaryimage\"},\"image\":{\"@id\":\"https:\\\/\\\/synod.cathdal.org\\\/es\\\/el-sinodo-en-sinodalidad-y-el-sinodo-diocesano-de-dallas-cual-es-la-diferencia\\\/#primaryimage\"},\"thumbnailUrl\":\"https:\\\/\\\/synod.cathdal.org\\\/wp-content\\\/uploads\\\/2021\\\/12\\\/icon-watermark-right.jpg\",\"datePublished\":\"2021-10-14T20:00:47+00:00\",\"dateModified\":\"2021-12-15T22:54:28+00:00\",\"breadcrumb\":{\"@id\":\"https:\\\/\\\/synod.cathdal.org\\\/es\\\/el-sinodo-en-sinodalidad-y-el-sinodo-diocesano-de-dallas-cual-es-la-diferencia\\\/#breadcrumb\"},\"inLanguage\":\"es\",\"potentialAction\":[{\"@type\":\"ReadAction\",\"target\":[\"https:\\\/\\\/synod.cathdal.org\\\/es\\\/el-sinodo-en-sinodalidad-y-el-sinodo-diocesano-de-dallas-cual-es-la-diferencia\\\/\"]}]},{\"@type\":\"ImageObject\",\"inLanguage\":\"es\",\"@id\":\"https:\\\/\\\/synod.cathdal.org\\\/es\\\/el-sinodo-en-sinodalidad-y-el-sinodo-diocesano-de-dallas-cual-es-la-diferencia\\\/#primaryimage\",\"url\":\"https:\\\/\\\/synod.cathdal.org\\\/wp-content\\\/uploads\\\/2021\\\/12\\\/icon-watermark-right.jpg\",\"contentUrl\":\"https:\\\/\\\/synod.cathdal.org\\\/wp-content\\\/uploads\\\/2021\\\/12\\\/icon-watermark-right.jpg\",\"width\":1900,\"height\":1250},{\"@type\":\"BreadcrumbList\",\"@id\":\"https:\\\/\\\/synod.cathdal.org\\\/es\\\/el-sinodo-en-sinodalidad-y-el-sinodo-diocesano-de-dallas-cual-es-la-diferencia\\\/#breadcrumb\",\"itemListElement\":[{\"@type\":\"ListItem\",\"position\":1,\"name\":\"Home\",\"item\":\"https:\\\/\\\/synod.cathdal.org\\\/es\\\/\"},{\"@type\":\"ListItem\",\"position\":2,\"name\":\"El S\u00ednodo en Sinodalidad y el S\u00ednodo Diocesano de Dallas: \u00bfCu\u00e1l es la Diferencia?\"}]},{\"@type\":\"WebSite\",\"@id\":\"https:\\\/\\\/synod.cathdal.org\\\/es\\\/#website\",\"url\":\"https:\\\/\\\/synod.cathdal.org\\\/es\\\/\",\"name\":\"Diocese of Dallas Synod\",\"description\":\"Shaping Tomorrow\u2019s Church with Today\u2019s Voices\",\"publisher\":{\"@id\":\"https:\\\/\\\/synod.cathdal.org\\\/es\\\/#organization\"},\"potentialAction\":[{\"@type\":\"SearchAction\",\"target\":{\"@type\":\"EntryPoint\",\"urlTemplate\":\"https:\\\/\\\/synod.cathdal.org\\\/es\\\/?s={search_term_string}\"},\"query-input\":{\"@type\":\"PropertyValueSpecification\",\"valueRequired\":true,\"valueName\":\"search_term_string\"}}],\"inLanguage\":\"es\"},{\"@type\":\"Organization\",\"@id\":\"https:\\\/\\\/synod.cathdal.org\\\/es\\\/#organization\",\"name\":\"Catholic Diocese of Dallas\",\"url\":\"https:\\\/\\\/synod.cathdal.org\\\/es\\\/\",\"logo\":{\"@type\":\"ImageObject\",\"inLanguage\":\"es\",\"@id\":\"https:\\\/\\\/synod.cathdal.org\\\/es\\\/#\\\/schema\\\/logo\\\/image\\\/\",\"url\":\"https:\\\/\\\/synod.cathdal.org\\\/wp-content\\\/uploads\\\/2021\\\/11\\\/DAL-CA-2021-11-18-Horizontal-Logo.svg\",\"contentUrl\":\"https:\\\/\\\/synod.cathdal.org\\\/wp-content\\\/uploads\\\/2021\\\/11\\\/DAL-CA-2021-11-18-Horizontal-Logo.svg\",\"width\":1024,\"height\":1024,\"caption\":\"Catholic Diocese of Dallas\"},\"image\":{\"@id\":\"https:\\\/\\\/synod.cathdal.org\\\/es\\\/#\\\/schema\\\/logo\\\/image\\\/\"}},{\"@type\":\"Person\",\"@id\":\"https:\\\/\\\/synod.cathdal.org\\\/es\\\/#\\\/schema\\\/person\\\/fb07ef7f163b681ed1a7362758661e6a\",\"name\":\"synodprd\",\"image\":{\"@type\":\"ImageObject\",\"inLanguage\":\"es\",\"@id\":\"https:\\\/\\\/secure.gravatar.com\\\/avatar\\\/42e751f2f50c718abebdfaa2fb1fd022cc07608f8c35d71c6d431fd262cc841f?s=96&d=mm&r=g\",\"url\":\"https:\\\/\\\/secure.gravatar.com\\\/avatar\\\/42e751f2f50c718abebdfaa2fb1fd022cc07608f8c35d71c6d431fd262cc841f?s=96&d=mm&r=g\",\"contentUrl\":\"https:\\\/\\\/secure.gravatar.com\\\/avatar\\\/42e751f2f50c718abebdfaa2fb1fd022cc07608f8c35d71c6d431fd262cc841f?s=96&d=mm&r=g\",\"caption\":\"synodprd\"},\"sameAs\":[\"https:\\\/\\\/synodprd.wpengine.com\"],\"url\":\"https:\\\/\\\/synod.cathdal.org\\\/es\\\/author\\\/synodprd\\\/\"}]}<\/script>\n<!-- \/ Yoast SEO plugin. -->","yoast_head_json":{"title":"El S\u00ednodo en Sinodalidad y el S\u00ednodo Diocesano de Dallas: \u00bfCu\u00e1l es la Diferencia? - Diocese of Dallas Synod","robots":{"index":"index","follow":"follow","max-snippet":"max-snippet:-1","max-image-preview":"max-image-preview:large","max-video-preview":"max-video-preview:-1"},"canonical":"https:\/\/synod.cathdal.org\/es\/el-sinodo-en-sinodalidad-y-el-sinodo-diocesano-de-dallas-cual-es-la-diferencia\/","og_locale":"es_ES","og_type":"article","og_title":"El S\u00ednodo en Sinodalidad y el S\u00ednodo Diocesano de Dallas: \u00bfCu\u00e1l es la Diferencia? - Diocese of Dallas Synod","og_description":"&nbsp; Por Gregory Caridi Texas Catholic El Obispo Edward J. Burns recientemente emprendi\u00f3 un proceso sinodal diocesano de varios a\u00f1os...","og_url":"https:\/\/synod.cathdal.org\/es\/el-sinodo-en-sinodalidad-y-el-sinodo-diocesano-de-dallas-cual-es-la-diferencia\/","og_site_name":"Diocese of Dallas Synod","article_published_time":"2021-10-14T20:00:47+00:00","article_modified_time":"2021-12-15T22:54:28+00:00","og_image":[{"width":2200,"height":1700,"url":"https:\/\/synod.cathdal.org\/wp-content\/uploads\/2021\/12\/Synod-Timeline.jpg","type":"image\/jpeg"}],"author":"synodprd","twitter_card":"summary_large_image","twitter_misc":{"Escrito por":"synodprd","Tiempo de lectura":"7 minutos"},"schema":{"@context":"https:\/\/schema.org","@graph":[{"@type":"Article","@id":"https:\/\/synod.cathdal.org\/es\/el-sinodo-en-sinodalidad-y-el-sinodo-diocesano-de-dallas-cual-es-la-diferencia\/#article","isPartOf":{"@id":"https:\/\/synod.cathdal.org\/es\/el-sinodo-en-sinodalidad-y-el-sinodo-diocesano-de-dallas-cual-es-la-diferencia\/"},"author":{"name":"synodprd","@id":"https:\/\/synod.cathdal.org\/es\/#\/schema\/person\/fb07ef7f163b681ed1a7362758661e6a"},"headline":"El S\u00ednodo en Sinodalidad y el S\u00ednodo Diocesano de Dallas: \u00bfCu\u00e1l es la Diferencia?","datePublished":"2021-10-14T20:00:47+00:00","dateModified":"2021-12-15T22:54:28+00:00","mainEntityOfPage":{"@id":"https:\/\/synod.cathdal.org\/es\/el-sinodo-en-sinodalidad-y-el-sinodo-diocesano-de-dallas-cual-es-la-diferencia\/"},"wordCount":1618,"commentCount":0,"publisher":{"@id":"https:\/\/synod.cathdal.org\/es\/#organization"},"image":{"@id":"https:\/\/synod.cathdal.org\/es\/el-sinodo-en-sinodalidad-y-el-sinodo-diocesano-de-dallas-cual-es-la-diferencia\/#primaryimage"},"thumbnailUrl":"https:\/\/synod.cathdal.org\/wp-content\/uploads\/2021\/12\/icon-watermark-right.jpg","articleSection":["Noticias del S\u00ednodo"],"inLanguage":"es","potentialAction":[{"@type":"CommentAction","name":"Comment","target":["https:\/\/synod.cathdal.org\/es\/el-sinodo-en-sinodalidad-y-el-sinodo-diocesano-de-dallas-cual-es-la-diferencia\/#respond"]}]},{"@type":"WebPage","@id":"https:\/\/synod.cathdal.org\/es\/el-sinodo-en-sinodalidad-y-el-sinodo-diocesano-de-dallas-cual-es-la-diferencia\/","url":"https:\/\/synod.cathdal.org\/es\/el-sinodo-en-sinodalidad-y-el-sinodo-diocesano-de-dallas-cual-es-la-diferencia\/","name":"El S\u00ednodo en Sinodalidad y el S\u00ednodo Diocesano de Dallas: \u00bfCu\u00e1l es la Diferencia? - Diocese of Dallas Synod","isPartOf":{"@id":"https:\/\/synod.cathdal.org\/es\/#website"},"primaryImageOfPage":{"@id":"https:\/\/synod.cathdal.org\/es\/el-sinodo-en-sinodalidad-y-el-sinodo-diocesano-de-dallas-cual-es-la-diferencia\/#primaryimage"},"image":{"@id":"https:\/\/synod.cathdal.org\/es\/el-sinodo-en-sinodalidad-y-el-sinodo-diocesano-de-dallas-cual-es-la-diferencia\/#primaryimage"},"thumbnailUrl":"https:\/\/synod.cathdal.org\/wp-content\/uploads\/2021\/12\/icon-watermark-right.jpg","datePublished":"2021-10-14T20:00:47+00:00","dateModified":"2021-12-15T22:54:28+00:00","breadcrumb":{"@id":"https:\/\/synod.cathdal.org\/es\/el-sinodo-en-sinodalidad-y-el-sinodo-diocesano-de-dallas-cual-es-la-diferencia\/#breadcrumb"},"inLanguage":"es","potentialAction":[{"@type":"ReadAction","target":["https:\/\/synod.cathdal.org\/es\/el-sinodo-en-sinodalidad-y-el-sinodo-diocesano-de-dallas-cual-es-la-diferencia\/"]}]},{"@type":"ImageObject","inLanguage":"es","@id":"https:\/\/synod.cathdal.org\/es\/el-sinodo-en-sinodalidad-y-el-sinodo-diocesano-de-dallas-cual-es-la-diferencia\/#primaryimage","url":"https:\/\/synod.cathdal.org\/wp-content\/uploads\/2021\/12\/icon-watermark-right.jpg","contentUrl":"https:\/\/synod.cathdal.org\/wp-content\/uploads\/2021\/12\/icon-watermark-right.jpg","width":1900,"height":1250},{"@type":"BreadcrumbList","@id":"https:\/\/synod.cathdal.org\/es\/el-sinodo-en-sinodalidad-y-el-sinodo-diocesano-de-dallas-cual-es-la-diferencia\/#breadcrumb","itemListElement":[{"@type":"ListItem","position":1,"name":"Home","item":"https:\/\/synod.cathdal.org\/es\/"},{"@type":"ListItem","position":2,"name":"El S\u00ednodo en Sinodalidad y el S\u00ednodo Diocesano de Dallas: \u00bfCu\u00e1l es la Diferencia?"}]},{"@type":"WebSite","@id":"https:\/\/synod.cathdal.org\/es\/#website","url":"https:\/\/synod.cathdal.org\/es\/","name":"Diocese of Dallas Synod","description":"Shaping Tomorrow\u2019s Church with Today\u2019s Voices","publisher":{"@id":"https:\/\/synod.cathdal.org\/es\/#organization"},"potentialAction":[{"@type":"SearchAction","target":{"@type":"EntryPoint","urlTemplate":"https:\/\/synod.cathdal.org\/es\/?s={search_term_string}"},"query-input":{"@type":"PropertyValueSpecification","valueRequired":true,"valueName":"search_term_string"}}],"inLanguage":"es"},{"@type":"Organization","@id":"https:\/\/synod.cathdal.org\/es\/#organization","name":"Catholic Diocese of Dallas","url":"https:\/\/synod.cathdal.org\/es\/","logo":{"@type":"ImageObject","inLanguage":"es","@id":"https:\/\/synod.cathdal.org\/es\/#\/schema\/logo\/image\/","url":"https:\/\/synod.cathdal.org\/wp-content\/uploads\/2021\/11\/DAL-CA-2021-11-18-Horizontal-Logo.svg","contentUrl":"https:\/\/synod.cathdal.org\/wp-content\/uploads\/2021\/11\/DAL-CA-2021-11-18-Horizontal-Logo.svg","width":1024,"height":1024,"caption":"Catholic Diocese of Dallas"},"image":{"@id":"https:\/\/synod.cathdal.org\/es\/#\/schema\/logo\/image\/"}},{"@type":"Person","@id":"https:\/\/synod.cathdal.org\/es\/#\/schema\/person\/fb07ef7f163b681ed1a7362758661e6a","name":"synodprd","image":{"@type":"ImageObject","inLanguage":"es","@id":"https:\/\/secure.gravatar.com\/avatar\/42e751f2f50c718abebdfaa2fb1fd022cc07608f8c35d71c6d431fd262cc841f?s=96&d=mm&r=g","url":"https:\/\/secure.gravatar.com\/avatar\/42e751f2f50c718abebdfaa2fb1fd022cc07608f8c35d71c6d431fd262cc841f?s=96&d=mm&r=g","contentUrl":"https:\/\/secure.gravatar.com\/avatar\/42e751f2f50c718abebdfaa2fb1fd022cc07608f8c35d71c6d431fd262cc841f?s=96&d=mm&r=g","caption":"synodprd"},"sameAs":["https:\/\/synodprd.wpengine.com"],"url":"https:\/\/synod.cathdal.org\/es\/author\/synodprd\/"}]}},"featured_image_src":"https:\/\/synod.cathdal.org\/wp-content\/uploads\/2021\/12\/icon-watermark-right-600x400.jpg","featured_image_src_square":"https:\/\/synod.cathdal.org\/wp-content\/uploads\/2021\/12\/icon-watermark-right-600x600.jpg","author_info":{"display_name":"synodprd","author_link":"https:\/\/synod.cathdal.org\/es\/author\/synodprd\/"},"menu_order":0,"_links":{"self":[{"href":"https:\/\/synod.cathdal.org\/es\/wp-json\/wp\/v2\/posts\/24080","targetHints":{"allow":["GET"]}}],"collection":[{"href":"https:\/\/synod.cathdal.org\/es\/wp-json\/wp\/v2\/posts"}],"about":[{"href":"https:\/\/synod.cathdal.org\/es\/wp-json\/wp\/v2\/types\/post"}],"author":[{"embeddable":true,"href":"https:\/\/synod.cathdal.org\/es\/wp-json\/wp\/v2\/users\/1"}],"replies":[{"embeddable":true,"href":"https:\/\/synod.cathdal.org\/es\/wp-json\/wp\/v2\/comments?post=24080"}],"version-history":[{"count":0,"href":"https:\/\/synod.cathdal.org\/es\/wp-json\/wp\/v2\/posts\/24080\/revisions"}],"wp:featuredmedia":[{"embeddable":true,"href":"https:\/\/synod.cathdal.org\/es\/wp-json\/wp\/v2\/media\/24034"}],"wp:attachment":[{"href":"https:\/\/synod.cathdal.org\/es\/wp-json\/wp\/v2\/media?parent=24080"}],"wp:term":[{"taxonomy":"category","embeddable":true,"href":"https:\/\/synod.cathdal.org\/es\/wp-json\/wp\/v2\/categories?post=24080"},{"taxonomy":"post_tag","embeddable":true,"href":"https:\/\/synod.cathdal.org\/es\/wp-json\/wp\/v2\/tags?post=24080"}],"curies":[{"name":"wp","href":"https:\/\/api.w.org\/{rel}","templated":true}]}}